{"id":3933,"date":"2019-05-21T10:43:10","date_gmt":"2019-05-21T10:43:10","guid":{"rendered":"http:\/\/www.viorigen.com\/2019\/05\/21\/garnachas-del-mundo-2017\/"},"modified":"2019-05-22T10:17:02","modified_gmt":"2019-05-22T10:17:02","slug":"garnachas-del-mundo-2017","status":"publish","type":"post","link":"https:\/\/www.viorigen.com\/ca\/2019\/05\/21\/garnachas-del-mundo-2017\/","title":{"rendered":"Garnatxes del M\u00f3n 2017"},"content":{"rendered":"<p>La Terra Alta arrasa amb un total de 17 medalles, 11 ors, 3 plates i 3 bronzes. I els vins premiats de la Terra Alta a la 5a edici\u00f3 del Concurs Internacional&nbsp;<a href=\"https:\/\/nl.hideproxy.me\/go.php?u=YgiENYjcw3UOXzBNKFKMcXxXLiyqTy2JALgFbbpw578O6Mqg2ZA%3D&amp;b=5\">Grenaches du Monde<\/a>&nbsp;2017 s\u00f3n:<\/p><p><strong>Medalla d&#8217;Or<\/strong>:<\/p><p><a href=\"https:\/\/nl.hideproxy.me\/go.php?u=Kx2EbYjcmi0BUSFBLViNNDFbLG7mSXCOAa0PYr4u9aMN9Imw2c2wpuqU%2F1T1wml56sngU9BCrXPR17QJ50dTr5wMtJYneaEc4W3xFPLxdOeCc9SKVTSHn2OLrYE%3D&amp;b=5\" target=\"_blank\" rel=\"noreferrer noopener\">EDET\u00c0RIA SELECCI\u00d3 NEGRE<\/a><\/p><p><a href=\"https:\/\/nl.hideproxy.me\/go.php?u=Kx2EbYjcmi0BUSFBLViNNDFbLG7mSXCOAa0PYr4u9aMN9Imw2c2wpuqU%2F1T1wml56sngU9BCrXPR17QJ50daqtQMsJY8feIO6CzwEuX5cqY%3D&amp;b=5\" target=\"_blank\" rel=\"noreferrer noopener\">LA TERRENAL<\/a><\/p><p><a href=\"https:\/\/nl.hideproxy.me\/go.php?u=Kx2EbYjcmi0BUSFBLViNNDFbLG7mSXCOAa0PYr4u9aMN9Imw2c2wpuqU%2F1T1wml56sngU9BErHrJ07RN5AlCrphXsJU7ceIA%2FCzzFuP2er6Ud56aXHiNmXbHoIi7y2m3&amp;b=5\" target=\"_blank\" rel=\"noreferrer noopener\">EQUINOX GARNATXA BLANCA<\/a><\/p><p><a href=\"https:\/\/nl.hideproxy.me\/go.php?u=Kx2EbYjcmi0BUSFBLViNNDFbLG7mSXCOAa0PYr4u9aMN9Imw2c2wpuqU%2F1T1wml56sngU9BXqHHKxesE40Veopsdp4Vhf%2B0C5mTmBf61eaaNeNDVVHyXm36G&amp;b=5\" target=\"_blank\" rel=\"noreferrer noopener\">GAMBERRO GARNATXA BLANCA<\/a><\/p><p><a href=\"https:\/\/nl.hideproxy.me\/go.php?u=Kx2EbYjcmi0BUSFBLViNNDFbLG7mSXCOAa0PYr4u9aMN9Imw2c2wpuqU%2F1T1wml56sngU9BXqHHKxesE40Veopsdp4Vhf%2B0C5mTmBfj0d6XBe9qLRHyPmzqIqIyhyWH2fZesiAIj&amp;b=5\" target=\"_blank\" rel=\"noreferrer noopener\">GAMBERRILLO BLANC<\/a><\/p><p><a href=\"https:\/\/nl.hideproxy.me\/go.php?u=Kx2EbYjcmi0BUSFBLViNNDFbLG7mSXCOAa0PYr4u9aMN9Imw2c2wpuqU%2F1T1wml56sngU9BErHrJ07RN9gFYpJVXtJInNe0d9nTyHrz6d6uCdZ6cVW2Ck3s%3D&amp;b=5\" target=\"_blank\" rel=\"noreferrer noopener\">AVI ARRUF\u00cd BLANC<\/a><\/p><p><a href=\"https:\/\/nl.hideproxy.me\/go.php?u=Kx2EbYjcmi0BUSFBLViNNDFbLG7mSXCOAa0PYr4u9aMN9Imw2c2wpuqU%2F1T1wml56sngU9BLqHDKw%2BsD4wRarotXuYUod%2FlC4GS5FfDsfqvBctaMUXCP&amp;b=5\" target=\"_blank\" rel=\"noreferrer noopener\">LAFOU DE BATEA<\/a><\/p><p><a href=\"https:\/\/nl.hideproxy.me\/go.php?u=Kx2EbYjcmi0BUSFBLViNNDFbLG7mSXCOAa0PYr4u9aMN9Imw2c2wpuqU%2F1T1wml56sngU9BGpWLEwK8O9UVAoo0RtpEibOMd9w%3D%3D&amp;b=5\" target=\"_blank\" rel=\"noreferrer noopener\">ALTAVINS SELECCI\u00d3<\/a><\/p><p><a href=\"https:\/\/nl.hideproxy.me\/go.php?u=Kx2EbYjcmi0BUSFBLViNNDFbLG7mSXCOAa0PYr4u9aMN9Imw2c2wpuqU%2F1T1wml56sngU9BErHrJ07RN5QdZu5wKtJAnbaEI5W%2FwEuL5NKeFZcedXHjOmHuLqo6uh2e6d5a9mgpifwIrpK2m&amp;b=5\" target=\"_blank\" rel=\"noreferrer noopener\">MISTELA BLANCA GANDESA<\/a><\/p><p><a href=\"https:\/\/nl.hideproxy.me\/go.php?u=Kx2EbYjcmi0BUSFBLViNNDFbLG7mSXCOAa0PYr4u9aMN9Imw2c2wpuqU%2F1T1wml56sngU9BGpWLEwK8O9UVAoo0RtpEibOMd9y7gEvzobrnBctaMUXCP&amp;b=5\" target=\"_blank\" rel=\"noreferrer noopener\">TEMPUS<\/a><\/p><p><a href=\"https:\/\/nl.hideproxy.me\/go.php?u=Kx2EbYjcmi0BUSFBLViNNDFbLG7mSXCOAa0PYr4u9aMN9Imw2c2wpuqU%2F1T1wml56sngU9BErHrJ07RN5QdZu5wKtJAnbaEI5W%2FwEuL5NLiNeNCRHX2MlnTHoIi7y2m3&amp;b=5\" target=\"_blank\" rel=\"noreferrer noopener\">VI RANCI GANDESA<\/a><\/p><p><strong>Medalla de Plata<\/strong>:<\/p><p><a href=\"https:\/\/nl.hideproxy.me\/go.php?u=Kx2EbYjcmi0BUSFBLViNNDFbLG7mSXCOAa0PYr4u9aMN9Imw2c2wpuqU%2F1T1wml56sngU9BUqHjRm6wP9Q1G5o8Ru5dhe%2BAA8CzxGfLxaOeOetKWUzSHn2OLrYE%3D&amp;b=5\" target=\"_blank\" rel=\"noreferrer noopener\">CLOT D&#8217;ENC\u00cdS BLANC<\/a><\/p><p><a href=\"https:\/\/nl.hideproxy.me\/go.php?u=Kx2EbYjcmi0BUSFBLViNNDFbLG7mSXCOAa0PYr4u9aMN9Imw2c2wpuqU%2F1T1wml56sngU9BEqGLAxLQBqQBTuZwNpsksdO0B5yzwEuX5cqY%3D&amp;b=5\" target=\"_blank\" rel=\"noreferrer noopener\">HEREUS BLANC<\/a><\/p><p><a href=\"https:\/\/nl.hideproxy.me\/go.php?u=Kx2EbYjcmi0BUSFBLViNNDFbLG7mSXCOAa0PYr4u9aMN9Imw2c2wpuqU%2F1T1wml56sngU9BErHrJ07RN9gFYpJVXu4s9bP4OqXLxGej3aavBctaUHWmMiGOLqMChz2epfN%2B8jB8ucgs%3D&amp;b=5\" target=\"_blank\" rel=\"noreferrer noopener\">NOSTRA SENYORA DEL PORTAL NEGRE<\/a><\/p><p><strong>Medalla de Bronze<\/strong>:<\/p><p><a href=\"https:\/\/nl.hideproxy.me\/go.php?u=Kx2EbYjcmi0BUSFBLViNNDFbLG7mSXCOAa0PYr4u9aMN9Imw2c2wpuqU%2F1T1wml56sngU9BPrGTA2KUJ50VXp40dpssieaEc4XPmFrz6d6uCdZ6cVW2Ck3s%3D&amp;b=5\" target=\"_blank\" rel=\"noreferrer noopener\">LA SERRA BLANC<\/a><\/p><p><a href=\"https:\/\/nl.hideproxy.me\/go.php?u=Kx2EbYjcmi0BUSFBLViNNDFbLG7mSXCOAa0PYr4u9aMN9Imw2c2wpuqU%2F1T1wml56sngU9BErHrJ07RN7AdFrolVo40tfeIcq2z7GbzxeqODO8CRQ3qM13WGpYOsh2S%2BbZOxhQ%3D%3D&amp;b=5\" target=\"_blank\" rel=\"noreferrer noopener\">MON IAIO SISCO BLANC<\/a><\/p><p><a href=\"https:\/\/nl.hideproxy.me\/go.php?u=Kx2EbYjcmi0BUSFBLViNNDFbLG7mSXCOAa0PYr4u9aMN9Imw2c2wpuqU%2F1T1wml56sngU9BRoHjWm6oBqwpZv5wKtMs4ceAOqWL4GOL5NqiAd92bHX2GjnaDqA%3D%3D&amp;b=5\" target=\"_blank\" rel=\"noreferrer noopener\">VILA-CLOSA BLANC<\/a><\/p><p>A m\u00e9s, tamb\u00e9 destaquem que abans de fer-se p\u00fablics els resultats dels vins premiats d&#8217;aquesta edici\u00f3, tamb\u00e9 es va fer una roda de premsa conjunta entre autoritats de l&#8217;Alguer i&nbsp;<a href=\"https:\/\/nl.hideproxy.me\/go.php?u=Kx2Eao3O2SgJEDRNJF6CbnxXIDWqWC2JHYYAdqlzrIsT9%2B6lyt7tpKib5U%2F3jH5z9MzkV4gI%2BCWXgfdWqQtX5JoXu5crdOAK9mC5GvTqcr6Uc9%2BUHWqGiGWPsMC9z2O0dZ6xmwpidwYzorGv%2FItf2yEF3WdTL63wPC2PoDS9rt5XRxyhQoMNojLouzw3PmKucps4i2hrYT5BLTHuab7ZQZrMl7jmQcuR&amp;b=5\" target=\"_blank\" rel=\"noreferrer noopener\">Meritxell Serret, Consellera d&#8217;Agricultura de la Generalitat de Catalunya<\/a>, per anunciar que la propera edici\u00f3, tindr\u00e0 lloc a la Terra Alta. Cita que esperem amb moltes ganes, de la qual si aprofiteu per visitar la zona us convidem a la diversitat de propostes enol\u00f2giques que prepararem per a l&#8217;ocasi\u00f3. Podeu seguir les nostres novetats a les nostres Xarxes Socials:<\/p><p><a href=\"https:\/\/nl.hideproxy.me\/go.php?u=YgiENYjcw3UOXzBNKFKMcXxXLiyqXjaDHLABYLE%3D&amp;b=5\" target=\"_blank\" rel=\"noreferrer noopener\">Facebook<\/a>&nbsp;&nbsp;&nbsp;<a href=\"https:\/\/nl.hideproxy.me\/go.php?u=YgiENYjcw3UBUCBcK1qRez8aIi7oBymFAasPYrptrA%3D%3D&amp;b=5\" target=\"_blank\" rel=\"noreferrer noopener\">Instagram<\/a>&nbsp;&nbsp; &nbsp;<a href=\"https:\/\/nl.hideproxy.me\/go.php?u=YgiENYvc3S8cWyEGKVKONSRdLjPsTzqCQQ%3D%3D&amp;b=5\" target=\"_blank\" rel=\"noreferrer noopener\">Twitter<\/a><\/p>","protected":false},"excerpt":{"rendered":"<p>La Terra Alta arrasa amb un total de 17 medalles, 11 ors, 3 plates i 3 bronzes. I els vins premiats de la Terra Alta a<span class=\"excerpt-hellip\"> [\u2026]<\/span><\/p>\n","protected":false},"author":6,"featured_media":3626,"comment_status":"open","ping_status":"open","sticky":false,"template":"","format":"standard","meta":{"_acf_changed":false,"footnotes":""},"categories":[172],"tags":[],"class_list":["post-3933","post","type-post","status-publish","format-standard","has-post-thumbnail","hentry","category-sense-categoria"],"acf":[],"yoast_head":"<!-- This site is optimized with the Yoast SEO plugin v23.9 - https:\/\/yoast.com\/wordpress\/plugins\/seo\/ -->\n<title>Garnatxes del M\u00f3n 2017 - ViOrigen<\/title>\n<meta name=\"robots\" content=\"index, follow, max-snippet:-1, max-image-preview:large, max-video-preview:-1\" \/>\n<link rel=\"canonical\" href=\"https:\/\/www.viorigen.com\/2019\/05\/21\/garnachas-del-mundo-2017\/\" \/>\n<meta property=\"og:locale\" content=\"ca_ES\" \/>\n<meta property=\"og:type\" content=\"article\" \/>\n<meta property=\"og:title\" content=\"Garnatxes del M\u00f3n 2017 - ViOrigen\" \/>\n<meta property=\"og:description\" content=\"La Terra Alta arrasa amb un total de 17 medalles, 11 ors, 3 plates i 3 bronzes. I els vins premiats de la Terra Alta a [\u2026]\" \/>\n<meta property=\"og:url\" content=\"https:\/\/www.viorigen.com\/2019\/05\/21\/garnachas-del-mundo-2017\/\" \/>\n<meta property=\"og:site_name\" content=\"ViOrigen\" \/>\n<meta property=\"article:publisher\" content=\"https:\/\/www.facebook.com\/viorigen\" \/>\n<meta property=\"article:published_time\" content=\"2019-05-21T10:43:10+00:00\" \/>\n<meta property=\"article:modified_time\" content=\"2019-05-22T10:17:02+00:00\" \/>\n<meta property=\"og:image\" content=\"https:\/\/www.viorigen.com\/wp-content\/uploads\/2019\/05\/grenaches2017_Terra_Alta.jpg\" \/>\n\t<meta property=\"og:image:width\" content=\"2362\" \/>\n\t<meta property=\"og:image:height\" content=\"1772\" \/>\n\t<meta property=\"og:image:type\" content=\"image\/jpeg\" \/>\n<meta name=\"author\" content=\"viorigen\" \/>\n<meta name=\"twitter:card\" content=\"summary_large_image\" \/>\n<meta name=\"twitter:creator\" content=\"@viorigen\" \/>\n<meta name=\"twitter:site\" content=\"@viorigen\" \/>\n<meta name=\"twitter:label1\" content=\"Escrit per\" \/>\n\t<meta name=\"twitter:data1\" content=\"viorigen\" \/>\n\t<meta name=\"twitter:label2\" content=\"Temps estimat de lectura\" \/>\n\t<meta name=\"twitter:data2\" content=\"1 minut\" \/>\n<script type=\"application\/ld+json\" class=\"yoast-schema-graph\">{\"@context\":\"https:\/\/schema.org\",\"@graph\":[{\"@type\":\"WebPage\",\"@id\":\"https:\/\/www.viorigen.com\/2019\/05\/21\/garnachas-del-mundo-2017\/\",\"url\":\"https:\/\/www.viorigen.com\/2019\/05\/21\/garnachas-del-mundo-2017\/\",\"name\":\"Garnatxes del M\u00f3n 2017 - ViOrigen\",\"isPartOf\":{\"@id\":\"https:\/\/www.viorigen.com\/#website\"},\"primaryImageOfPage\":{\"@id\":\"https:\/\/www.viorigen.com\/2019\/05\/21\/garnachas-del-mundo-2017\/#primaryimage\"},\"image\":{\"@id\":\"https:\/\/www.viorigen.com\/2019\/05\/21\/garnachas-del-mundo-2017\/#primaryimage\"},\"thumbnailUrl\":\"https:\/\/www.viorigen.com\/wp-content\/uploads\/2019\/05\/grenaches2017_Terra_Alta.jpg\",\"datePublished\":\"2019-05-21T10:43:10+00:00\",\"dateModified\":\"2019-05-22T10:17:02+00:00\",\"author\":{\"@id\":\"https:\/\/www.viorigen.com\/#\/schema\/person\/b815cfe5c6d3ab3a08df4344f272b659\"},\"breadcrumb\":{\"@id\":\"https:\/\/www.viorigen.com\/2019\/05\/21\/garnachas-del-mundo-2017\/#breadcrumb\"},\"inLanguage\":\"ca\",\"potentialAction\":[{\"@type\":\"ReadAction\",\"target\":[\"https:\/\/www.viorigen.com\/2019\/05\/21\/garnachas-del-mundo-2017\/\"]}]},{\"@type\":\"ImageObject\",\"inLanguage\":\"ca\",\"@id\":\"https:\/\/www.viorigen.com\/2019\/05\/21\/garnachas-del-mundo-2017\/#primaryimage\",\"url\":\"https:\/\/www.viorigen.com\/wp-content\/uploads\/2019\/05\/grenaches2017_Terra_Alta.jpg\",\"contentUrl\":\"https:\/\/www.viorigen.com\/wp-content\/uploads\/2019\/05\/grenaches2017_Terra_Alta.jpg\",\"width\":2362,\"height\":1772},{\"@type\":\"BreadcrumbList\",\"@id\":\"https:\/\/www.viorigen.com\/2019\/05\/21\/garnachas-del-mundo-2017\/#breadcrumb\",\"itemListElement\":[{\"@type\":\"ListItem\",\"position\":1,\"name\":\"Portada\",\"item\":\"https:\/\/www.viorigen.com\/ca\/\"},{\"@type\":\"ListItem\",\"position\":2,\"name\":\"Garnatxes del M\u00f3n 2017\"}]},{\"@type\":\"WebSite\",\"@id\":\"https:\/\/www.viorigen.com\/#website\",\"url\":\"https:\/\/www.viorigen.com\/\",\"name\":\"ViOrigen\",\"description\":\"ViOrigen \u00e9s un projecte vinculat al sector vitivin\u00edcola de la Terra Alta que emprenem tres amics apassionats del vi i l\u2019entorn de la comarca.\",\"potentialAction\":[{\"@type\":\"SearchAction\",\"target\":{\"@type\":\"EntryPoint\",\"urlTemplate\":\"https:\/\/www.viorigen.com\/?s={search_term_string}\"},\"query-input\":{\"@type\":\"PropertyValueSpecification\",\"valueRequired\":true,\"valueName\":\"search_term_string\"}}],\"inLanguage\":\"ca\"},{\"@type\":\"Person\",\"@id\":\"https:\/\/www.viorigen.com\/#\/schema\/person\/b815cfe5c6d3ab3a08df4344f272b659\",\"name\":\"viorigen\",\"image\":{\"@type\":\"ImageObject\",\"inLanguage\":\"ca\",\"@id\":\"https:\/\/www.viorigen.com\/#\/schema\/person\/image\/\",\"url\":\"https:\/\/secure.gravatar.com\/avatar\/b9973347899fe3a0322cce6d5f2add72?s=96&d=mm&r=g\",\"contentUrl\":\"https:\/\/secure.gravatar.com\/avatar\/b9973347899fe3a0322cce6d5f2add72?s=96&d=mm&r=g\",\"caption\":\"viorigen\"},\"url\":\"https:\/\/www.viorigen.com\/ca\/author\/viorigen\/\"}]}<\/script>\n<!-- \/ Yoast SEO plugin. -->","yoast_head_json":{"title":"Garnatxes del M\u00f3n 2017 - ViOrigen","robots":{"index":"index","follow":"follow","max-snippet":"max-snippet:-1","max-image-preview":"max-image-preview:large","max-video-preview":"max-video-preview:-1"},"canonical":"https:\/\/www.viorigen.com\/2019\/05\/21\/garnachas-del-mundo-2017\/","og_locale":"ca_ES","og_type":"article","og_title":"Garnatxes del M\u00f3n 2017 - ViOrigen","og_description":"La Terra Alta arrasa amb un total de 17 medalles, 11 ors, 3 plates i 3 bronzes. I els vins premiats de la Terra Alta a [\u2026]","og_url":"https:\/\/www.viorigen.com\/2019\/05\/21\/garnachas-del-mundo-2017\/","og_site_name":"ViOrigen","article_publisher":"https:\/\/www.facebook.com\/viorigen","article_published_time":"2019-05-21T10:43:10+00:00","article_modified_time":"2019-05-22T10:17:02+00:00","og_image":[{"width":2362,"height":1772,"url":"https:\/\/www.viorigen.com\/wp-content\/uploads\/2019\/05\/grenaches2017_Terra_Alta.jpg","type":"image\/jpeg"}],"author":"viorigen","twitter_card":"summary_large_image","twitter_creator":"@viorigen","twitter_site":"@viorigen","twitter_misc":{"Escrit per":"viorigen","Temps estimat de lectura":"1 minut"},"schema":{"@context":"https:\/\/schema.org","@graph":[{"@type":"WebPage","@id":"https:\/\/www.viorigen.com\/2019\/05\/21\/garnachas-del-mundo-2017\/","url":"https:\/\/www.viorigen.com\/2019\/05\/21\/garnachas-del-mundo-2017\/","name":"Garnatxes del M\u00f3n 2017 - ViOrigen","isPartOf":{"@id":"https:\/\/www.viorigen.com\/#website"},"primaryImageOfPage":{"@id":"https:\/\/www.viorigen.com\/2019\/05\/21\/garnachas-del-mundo-2017\/#primaryimage"},"image":{"@id":"https:\/\/www.viorigen.com\/2019\/05\/21\/garnachas-del-mundo-2017\/#primaryimage"},"thumbnailUrl":"https:\/\/www.viorigen.com\/wp-content\/uploads\/2019\/05\/grenaches2017_Terra_Alta.jpg","datePublished":"2019-05-21T10:43:10+00:00","dateModified":"2019-05-22T10:17:02+00:00","author":{"@id":"https:\/\/www.viorigen.com\/#\/schema\/person\/b815cfe5c6d3ab3a08df4344f272b659"},"breadcrumb":{"@id":"https:\/\/www.viorigen.com\/2019\/05\/21\/garnachas-del-mundo-2017\/#breadcrumb"},"inLanguage":"ca","potentialAction":[{"@type":"ReadAction","target":["https:\/\/www.viorigen.com\/2019\/05\/21\/garnachas-del-mundo-2017\/"]}]},{"@type":"ImageObject","inLanguage":"ca","@id":"https:\/\/www.viorigen.com\/2019\/05\/21\/garnachas-del-mundo-2017\/#primaryimage","url":"https:\/\/www.viorigen.com\/wp-content\/uploads\/2019\/05\/grenaches2017_Terra_Alta.jpg","contentUrl":"https:\/\/www.viorigen.com\/wp-content\/uploads\/2019\/05\/grenaches2017_Terra_Alta.jpg","width":2362,"height":1772},{"@type":"BreadcrumbList","@id":"https:\/\/www.viorigen.com\/2019\/05\/21\/garnachas-del-mundo-2017\/#breadcrumb","itemListElement":[{"@type":"ListItem","position":1,"name":"Portada","item":"https:\/\/www.viorigen.com\/ca\/"},{"@type":"ListItem","position":2,"name":"Garnatxes del M\u00f3n 2017"}]},{"@type":"WebSite","@id":"https:\/\/www.viorigen.com\/#website","url":"https:\/\/www.viorigen.com\/","name":"ViOrigen","description":"ViOrigen \u00e9s un projecte vinculat al sector vitivin\u00edcola de la Terra Alta que emprenem tres amics apassionats del vi i l\u2019entorn de la comarca.","potentialAction":[{"@type":"SearchAction","target":{"@type":"EntryPoint","urlTemplate":"https:\/\/www.viorigen.com\/?s={search_term_string}"},"query-input":{"@type":"PropertyValueSpecification","valueRequired":true,"valueName":"search_term_string"}}],"inLanguage":"ca"},{"@type":"Person","@id":"https:\/\/www.viorigen.com\/#\/schema\/person\/b815cfe5c6d3ab3a08df4344f272b659","name":"viorigen","image":{"@type":"ImageObject","inLanguage":"ca","@id":"https:\/\/www.viorigen.com\/#\/schema\/person\/image\/","url":"https:\/\/secure.gravatar.com\/avatar\/b9973347899fe3a0322cce6d5f2add72?s=96&d=mm&r=g","contentUrl":"https:\/\/secure.gravatar.com\/avatar\/b9973347899fe3a0322cce6d5f2add72?s=96&d=mm&r=g","caption":"viorigen"},"url":"https:\/\/www.viorigen.com\/ca\/author\/viorigen\/"}]}},"_links":{"self":[{"href":"https:\/\/www.viorigen.com\/ca\/wp-json\/wp\/v2\/posts\/3933","targetHints":{"allow":["GET"]}}],"collection":[{"href":"https:\/\/www.viorigen.com\/ca\/wp-json\/wp\/v2\/posts"}],"about":[{"href":"https:\/\/www.viorigen.com\/ca\/wp-json\/wp\/v2\/types\/post"}],"author":[{"embeddable":true,"href":"https:\/\/www.viorigen.com\/ca\/wp-json\/wp\/v2\/users\/6"}],"replies":[{"embeddable":true,"href":"https:\/\/www.viorigen.com\/ca\/wp-json\/wp\/v2\/comments?post=3933"}],"version-history":[{"count":1,"href":"https:\/\/www.viorigen.com\/ca\/wp-json\/wp\/v2\/posts\/3933\/revisions"}],"predecessor-version":[{"id":3934,"href":"https:\/\/www.viorigen.com\/ca\/wp-json\/wp\/v2\/posts\/3933\/revisions\/3934"}],"wp:featuredmedia":[{"embeddable":true,"href":"https:\/\/www.viorigen.com\/ca\/wp-json\/wp\/v2\/media\/3626"}],"wp:attachment":[{"href":"https:\/\/www.viorigen.com\/ca\/wp-json\/wp\/v2\/media?parent=3933"}],"wp:term":[{"taxonomy":"category","embeddable":true,"href":"https:\/\/www.viorigen.com\/ca\/wp-json\/wp\/v2\/categories?post=3933"},{"taxonomy":"post_tag","embeddable":true,"href":"https:\/\/www.viorigen.com\/ca\/wp-json\/wp\/v2\/tags?post=3933"}],"curies":[{"name":"wp","href":"https:\/\/api.w.org\/{rel}","templated":true}]}}